{"id":29538,"date":"2019-09-25T14:54:18","date_gmt":"2019-09-25T14:54:18","guid":{"rendered":"https:\/\/www.olivari.it\/?p=29538"},"modified":"2024-05-24T16:14:18","modified_gmt":"2024-05-24T16:14:18","slug":"feria-mueble-zaragoza","status":"publish","type":"post","link":"https:\/\/www.olivari.it\/en\/feria-mueble-zaragoza\/","title":{"rendered":"Feria del Mueble Zaragoza 2020"},"content":{"rendered":"<p>[vc_row css_animation=&#8221;&#8221; row_type=&#8221;row&#8221; use_row_as_full_screen_section=&#8221;no&#8221; type=&#8221;full_width&#8221; angled_section=&#8221;no&#8221; text_align=&#8221;left&#8221; background_image_as_pattern=&#8221;without_pattern&#8221;][vc_column][vc_column_text]<\/p>\n<h6>Zaragoza, <span class=\"tlid-translation translation\" lang=\"it\"><span class=\"\" title=\"\">Espana<\/span><\/span><\/h6>\n<p><span class=\"data-blog\">21 &#8211; 24 enero 2020<br \/>\nPabell\u00f3n 2<\/span>[\/vc_column_text][vc_separator type=&#8221;transparent&#8221; up=&#8221;15&#8243; down=&#8221;0&#8243;]<blockquote class=' with_quote_icon' style=''><i class='fa fa-quote-right' style=''><\/i><h5 class='blockquote-text' style=''>El Arte Interpreta el Dise\u00f1o<\/h5><\/blockquote>[vc_separator type=&#8221;transparent&#8221; up=&#8221;15&#8243; down=&#8221;0&#8243;][vc_column_text]Olivari estar\u00e1 presente en el Zaragoza Feria del Mueble 21- 24 de enero 2020, con la exposici\u00f3n cultural <strong>\u201cEl Arte Interpreta el Dise\u00f1o\u201d<\/strong>.<\/p>\n<p>Varios fot\u00f3grafos de prestigio internacional, exponen su visi\u00f3n \u201cart\u00edstica\u201d sobre las manillas Olivari, \u201ccapturando\u201d el concepto y lenguaje formal de los diferentes arquitectos y dise\u00f1adores que han afrontado el reto de dise\u00f1ar una manilla para Olivari.<\/p>\n<p>De este modo, Arte, Arquitectura y Dise\u00f1o, conviven y se relacionan en esta exposici\u00f3n, despertando un mundo de sugerentes sensaciones.<\/p>\n<p>Olivari representa m\u00e1s de 100 a\u00f1os de historia, liderando el \u201cMade in Italy\u201d en todo el mundo. Particularmente en la relaci\u00f3n entre Dise\u00f1o y Arquitectura.<\/p>\n<p>Generaci\u00f3n tras generaci\u00f3n, la familia Olivari hasta hoy, ha cuidado siempre la atenci\u00f3n por los detalles, la innovaci\u00f3n y sobre todo la pasi\u00f3n por el trabajo.<\/p>\n<p>Buscando siempre la m\u00e1xima calidad, y la creatividad de los mejores dise\u00f1adores y arquitectos.<\/p>\n<p>Gracias a su excelencia productiva y su actualidad est\u00e9tica, muchas de sus manillas, con el tiempo se han convertido en \u201ccl\u00e1sicos\u201d y son reconocidas y apreciadas como iconos del \u201cMade in Italy\u201d.[\/vc_column_text][\/vc_column][\/vc_row]<\/p>\n","protected":false},"excerpt":{"rendered":"<p><strong>21 &#8211; 24 enero 2020 \u2014 <\/strong>Feria del Mueble<\/p>\n","protected":false},"author":5,"featured_media":29541,"comment_status":"closed","ping_status":"open","sticky":false,"template":"","format":"standard","meta":{"footnotes":""},"categories":[432],"tags":[1402],"yoast_head":"<!-- This site is optimized with the Yoast SEO plugin v22.8 - https:\/\/yoast.com\/wordpress\/plugins\/seo\/ -->\n<title>Feria del Mueble Zaragoza 2020 | Olivari<\/title>\n<meta name=\"robots\" content=\"index, follow, max-snippet:-1, max-image-preview:large, max-video-preview:-1\" \/>\n<link rel=\"canonical\" href=\"https:\/\/www.olivari.it\/en\/feria-mueble-zaragoza\/\" \/>\n<meta property=\"og:locale\" content=\"en_US\" \/>\n<meta property=\"og:type\" content=\"article\" \/>\n<meta property=\"og:title\" content=\"Feria del Mueble Zaragoza 2020 | Olivari\" \/>\n<meta property=\"og:description\" content=\"21 - 24 enero 2020 \u2014 Feria del Mueble\" \/>\n<meta property=\"og:url\" content=\"https:\/\/www.olivari.it\/en\/feria-mueble-zaragoza\/\" \/>\n<meta property=\"og:site_name\" content=\"Olivari\" \/>\n<meta property=\"article:publisher\" content=\"https:\/\/www.facebook.com\/olivariofficial\" \/>\n<meta property=\"article:published_time\" content=\"2019-09-25T14:54:18+00:00\" \/>\n<meta property=\"article:modified_time\" content=\"2024-05-24T16:14:18+00:00\" \/>\n<meta property=\"og:image\" content=\"https:\/\/www.olivari.it\/wp-content\/uploads\/2019\/09\/feriamueble2020.jpg\" \/>\n\t<meta property=\"og:image:width\" content=\"630\" \/>\n\t<meta property=\"og:image:height\" content=\"430\" \/>\n\t<meta property=\"og:image:type\" content=\"image\/jpeg\" \/>\n<meta name=\"author\" content=\"rpic\" \/>\n<meta name=\"twitter:label1\" content=\"Written by\" \/>\n\t<meta name=\"twitter:data1\" content=\"rpic\" \/>\n\t<meta name=\"twitter:label2\" content=\"Est. reading time\" \/>\n\t<meta name=\"twitter:data2\" content=\"1 minute\" \/>\n<script type=\"application\/ld+json\" class=\"yoast-schema-graph\">{\"@context\":\"https:\/\/schema.org\",\"@graph\":[{\"@type\":\"WebPage\",\"@id\":\"https:\/\/www.olivari.it\/en\/feria-mueble-zaragoza\/\",\"url\":\"https:\/\/www.olivari.it\/en\/feria-mueble-zaragoza\/\",\"name\":\"Feria del Mueble Zaragoza 2020 | Olivari\",\"isPartOf\":{\"@id\":\"https:\/\/www.olivari.it\/en\/#website\"},\"primaryImageOfPage\":{\"@id\":\"https:\/\/www.olivari.it\/en\/feria-mueble-zaragoza\/#primaryimage\"},\"image\":{\"@id\":\"https:\/\/www.olivari.it\/en\/feria-mueble-zaragoza\/#primaryimage\"},\"thumbnailUrl\":\"https:\/\/www.olivari.it\/wp-content\/uploads\/2019\/09\/feriamueble2020.jpg\",\"datePublished\":\"2019-09-25T14:54:18+00:00\",\"dateModified\":\"2024-05-24T16:14:18+00:00\",\"author\":{\"@id\":\"https:\/\/www.olivari.it\/en\/#\/schema\/person\/855d38d713808618a73694a1637e6a39\"},\"breadcrumb\":{\"@id\":\"https:\/\/www.olivari.it\/en\/feria-mueble-zaragoza\/#breadcrumb\"},\"inLanguage\":\"en-US\",\"potentialAction\":[{\"@type\":\"ReadAction\",\"target\":[\"https:\/\/www.olivari.it\/en\/feria-mueble-zaragoza\/\"]}]},{\"@type\":\"ImageObject\",\"inLanguage\":\"en-US\",\"@id\":\"https:\/\/www.olivari.it\/en\/feria-mueble-zaragoza\/#primaryimage\",\"url\":\"https:\/\/www.olivari.it\/wp-content\/uploads\/2019\/09\/feriamueble2020.jpg\",\"contentUrl\":\"https:\/\/www.olivari.it\/wp-content\/uploads\/2019\/09\/feriamueble2020.jpg\",\"width\":630,\"height\":430},{\"@type\":\"BreadcrumbList\",\"@id\":\"https:\/\/www.olivari.it\/en\/feria-mueble-zaragoza\/#breadcrumb\",\"itemListElement\":[{\"@type\":\"ListItem\",\"position\":1,\"name\":\"Home\",\"item\":\"https:\/\/www.olivari.it\/en\/home-05-26\/\"},{\"@type\":\"ListItem\",\"position\":2,\"name\":\"Feria del Mueble Zaragoza 2020\"}]},{\"@type\":\"WebSite\",\"@id\":\"https:\/\/www.olivari.it\/en\/#website\",\"url\":\"https:\/\/www.olivari.it\/en\/\",\"name\":\"Olivari\",\"description\":\"Maniglie di design\",\"potentialAction\":[{\"@type\":\"SearchAction\",\"target\":{\"@type\":\"EntryPoint\",\"urlTemplate\":\"https:\/\/www.olivari.it\/en\/?s={search_term_string}\"},\"query-input\":\"required name=search_term_string\"}],\"inLanguage\":\"en-US\"},{\"@type\":\"Person\",\"@id\":\"https:\/\/www.olivari.it\/en\/#\/schema\/person\/855d38d713808618a73694a1637e6a39\",\"name\":\"rpic\",\"image\":{\"@type\":\"ImageObject\",\"inLanguage\":\"en-US\",\"@id\":\"https:\/\/www.olivari.it\/en\/#\/schema\/person\/image\/\",\"url\":\"https:\/\/secure.gravatar.com\/avatar\/9e90526b97c15dba10bc2e1c6ea6d98e?s=96&d=mm&r=g\",\"contentUrl\":\"https:\/\/secure.gravatar.com\/avatar\/9e90526b97c15dba10bc2e1c6ea6d98e?s=96&d=mm&r=g\",\"caption\":\"rpic\"},\"url\":\"https:\/\/www.olivari.it\/en\/author\/externaladmin\/\"}]}<\/script>\n<!-- \/ Yoast SEO plugin. -->","yoast_head_json":{"title":"Feria del Mueble Zaragoza 2020 | Olivari","robots":{"index":"index","follow":"follow","max-snippet":"max-snippet:-1","max-image-preview":"max-image-preview:large","max-video-preview":"max-video-preview:-1"},"canonical":"https:\/\/www.olivari.it\/en\/feria-mueble-zaragoza\/","og_locale":"en_US","og_type":"article","og_title":"Feria del Mueble Zaragoza 2020 | Olivari","og_description":"21 - 24 enero 2020 \u2014 Feria del Mueble","og_url":"https:\/\/www.olivari.it\/en\/feria-mueble-zaragoza\/","og_site_name":"Olivari","article_publisher":"https:\/\/www.facebook.com\/olivariofficial","article_published_time":"2019-09-25T14:54:18+00:00","article_modified_time":"2024-05-24T16:14:18+00:00","og_image":[{"width":630,"height":430,"url":"https:\/\/www.olivari.it\/wp-content\/uploads\/2019\/09\/feriamueble2020.jpg","type":"image\/jpeg"}],"author":"rpic","twitter_misc":{"Written by":"rpic","Est. reading time":"1 minute"},"schema":{"@context":"https:\/\/schema.org","@graph":[{"@type":"WebPage","@id":"https:\/\/www.olivari.it\/en\/feria-mueble-zaragoza\/","url":"https:\/\/www.olivari.it\/en\/feria-mueble-zaragoza\/","name":"Feria del Mueble Zaragoza 2020 | Olivari","isPartOf":{"@id":"https:\/\/www.olivari.it\/en\/#website"},"primaryImageOfPage":{"@id":"https:\/\/www.olivari.it\/en\/feria-mueble-zaragoza\/#primaryimage"},"image":{"@id":"https:\/\/www.olivari.it\/en\/feria-mueble-zaragoza\/#primaryimage"},"thumbnailUrl":"https:\/\/www.olivari.it\/wp-content\/uploads\/2019\/09\/feriamueble2020.jpg","datePublished":"2019-09-25T14:54:18+00:00","dateModified":"2024-05-24T16:14:18+00:00","author":{"@id":"https:\/\/www.olivari.it\/en\/#\/schema\/person\/855d38d713808618a73694a1637e6a39"},"breadcrumb":{"@id":"https:\/\/www.olivari.it\/en\/feria-mueble-zaragoza\/#breadcrumb"},"inLanguage":"en-US","potentialAction":[{"@type":"ReadAction","target":["https:\/\/www.olivari.it\/en\/feria-mueble-zaragoza\/"]}]},{"@type":"ImageObject","inLanguage":"en-US","@id":"https:\/\/www.olivari.it\/en\/feria-mueble-zaragoza\/#primaryimage","url":"https:\/\/www.olivari.it\/wp-content\/uploads\/2019\/09\/feriamueble2020.jpg","contentUrl":"https:\/\/www.olivari.it\/wp-content\/uploads\/2019\/09\/feriamueble2020.jpg","width":630,"height":430},{"@type":"BreadcrumbList","@id":"https:\/\/www.olivari.it\/en\/feria-mueble-zaragoza\/#breadcrumb","itemListElement":[{"@type":"ListItem","position":1,"name":"Home","item":"https:\/\/www.olivari.it\/en\/home-05-26\/"},{"@type":"ListItem","position":2,"name":"Feria del Mueble Zaragoza 2020"}]},{"@type":"WebSite","@id":"https:\/\/www.olivari.it\/en\/#website","url":"https:\/\/www.olivari.it\/en\/","name":"Olivari","description":"Maniglie di design","potentialAction":[{"@type":"SearchAction","target":{"@type":"EntryPoint","urlTemplate":"https:\/\/www.olivari.it\/en\/?s={search_term_string}"},"query-input":"required name=search_term_string"}],"inLanguage":"en-US"},{"@type":"Person","@id":"https:\/\/www.olivari.it\/en\/#\/schema\/person\/855d38d713808618a73694a1637e6a39","name":"rpic","image":{"@type":"ImageObject","inLanguage":"en-US","@id":"https:\/\/www.olivari.it\/en\/#\/schema\/person\/image\/","url":"https:\/\/secure.gravatar.com\/avatar\/9e90526b97c15dba10bc2e1c6ea6d98e?s=96&d=mm&r=g","contentUrl":"https:\/\/secure.gravatar.com\/avatar\/9e90526b97c15dba10bc2e1c6ea6d98e?s=96&d=mm&r=g","caption":"rpic"},"url":"https:\/\/www.olivari.it\/en\/author\/externaladmin\/"}]}},"_links":{"self":[{"href":"https:\/\/www.olivari.it\/en\/wp-json\/wp\/v2\/posts\/29538"}],"collection":[{"href":"https:\/\/www.olivari.it\/en\/wp-json\/wp\/v2\/posts"}],"about":[{"href":"https:\/\/www.olivari.it\/en\/wp-json\/wp\/v2\/types\/post"}],"author":[{"embeddable":true,"href":"https:\/\/www.olivari.it\/en\/wp-json\/wp\/v2\/users\/5"}],"replies":[{"embeddable":true,"href":"https:\/\/www.olivari.it\/en\/wp-json\/wp\/v2\/comments?post=29538"}],"version-history":[{"count":8,"href":"https:\/\/www.olivari.it\/en\/wp-json\/wp\/v2\/posts\/29538\/revisions"}],"predecessor-version":[{"id":38150,"href":"https:\/\/www.olivari.it\/en\/wp-json\/wp\/v2\/posts\/29538\/revisions\/38150"}],"wp:featuredmedia":[{"embeddable":true,"href":"https:\/\/www.olivari.it\/en\/wp-json\/wp\/v2\/media\/29541"}],"wp:attachment":[{"href":"https:\/\/www.olivari.it\/en\/wp-json\/wp\/v2\/media?parent=29538"}],"wp:term":[{"taxonomy":"category","embeddable":true,"href":"https:\/\/www.olivari.it\/en\/wp-json\/wp\/v2\/categories?post=29538"},{"taxonomy":"post_tag","embeddable":true,"href":"https:\/\/www.olivari.it\/en\/wp-json\/wp\/v2\/tags?post=29538"}],"curies":[{"name":"wp","href":"https:\/\/api.w.org\/{rel}","templated":true}]}}